{"id":1068,"date":"2016-12-04T21:57:56","date_gmt":"2016-12-04T20:57:56","guid":{"rendered":"http:\/\/www.clg-dampierre.ac-besancon.fr\/?p=1068"},"modified":"2016-12-04T21:57:56","modified_gmt":"2016-12-04T20:57:56","slug":"autoportrait-de-la-classe-de-3eme2-college-gaston-ramon","status":"publish","type":"post","link":"http:\/\/www.clg-dampierre.ac-besancon.fr\/?p=1068","title":{"rendered":"Autoportrait de la classe de 3\u00e8me2 Coll\u00e8ge Gaston Ramon"},"content":{"rendered":"<p><img loading=\"lazy\" decoding=\"async\" class=\"alignnone wp-image-1069 size-thumbnail\" src=\"http:\/\/www.clg-dampierre.ac-besancon.fr\/wp-content\/uploads\/sites\/30\/2016\/12\/DSC00431-100x100.jpg\" alt=\"dsc00431\" width=\"100\" height=\"100\" srcset=\"http:\/\/www.clg-dampierre.ac-besancon.fr\/wp-content\/uploads\/sites\/30\/2016\/12\/DSC00431-100x100.jpg 100w, http:\/\/www.clg-dampierre.ac-besancon.fr\/wp-content\/uploads\/sites\/30\/2016\/12\/DSC00431-144x144.jpg 144w\" sizes=\"auto, (max-width: 100px) 100vw, 100px\" \/> \u00a0\u00a0Les \u00e9l\u00e8ves de 3<sup>\u00e8me<\/sup>2 ont travaill\u00e9 sur le genre de <strong>l\u2019autobiographie<\/strong> dans le cadre du cours de fran\u00e7ais et ont r\u00e9alis\u00e9 l\u2019autoportrait g\u00e9ant de leur classe.<!--more--><\/p>\n<p>Avec ce projet, nous avons d\u00e9couvert diff\u00e9rentes formes de <strong>l\u2019\u00e9criture de soi et nous avons r\u00e9fl\u00e9chi aux raisons et au sens de cette entreprise qui consiste \u00e0 se raconter et se repr\u00e9senter.<\/strong><\/p>\n<p>Nous avons travaill\u00e9 sur des textes, notamment sur des <strong>autoportraits<\/strong>, comme celui de Michel Leiris. Nous avons ensuite r\u00e9dig\u00e9 notre propre autoportrait.<img loading=\"lazy\" decoding=\"async\" class=\"wp-image-1072 size-medium alignleft\" src=\"http:\/\/www.clg-dampierre.ac-besancon.fr\/wp-content\/uploads\/sites\/30\/2016\/12\/DSC00435-e1480884614229-225x300.jpg\" alt=\"dsc00435\" width=\"225\" height=\"300\" srcset=\"http:\/\/www.clg-dampierre.ac-besancon.fr\/wp-content\/uploads\/sites\/30\/2016\/12\/DSC00435-e1480884614229-225x300.jpg 225w, http:\/\/www.clg-dampierre.ac-besancon.fr\/wp-content\/uploads\/sites\/30\/2016\/12\/DSC00435-e1480884614229-768x1024.jpg 768w\" sizes=\"auto, (max-width: 225px) 100vw, 225px\" \/><img loading=\"lazy\" decoding=\"async\" class=\"wp-image-1073 size-medium alignright\" src=\"http:\/\/www.clg-dampierre.ac-besancon.fr\/wp-content\/uploads\/sites\/30\/2016\/12\/DSC00434-e1480884511466-225x300.jpg\" alt=\"dsc00434\" width=\"225\" height=\"300\" srcset=\"http:\/\/www.clg-dampierre.ac-besancon.fr\/wp-content\/uploads\/sites\/30\/2016\/12\/DSC00434-e1480884511466-225x300.jpg 225w, http:\/\/www.clg-dampierre.ac-besancon.fr\/wp-content\/uploads\/sites\/30\/2016\/12\/DSC00434-e1480884511466-768x1024.jpg 768w\" sizes=\"auto, (max-width: 225px) 100vw, 225px\" \/><\/p>\n<p>Nous avons aussi travaill\u00e9 sur des <strong>autoportraits d\u2019artistes<\/strong>\u00a0: Van Gogh, Frida Kahlo, Norman Rockwell, Arman. Nous avons ensuite r\u00e9alis\u00e9 notre autoportrait plastique. Le choix de la technique de r\u00e9alisation \u00e9tait libre\u00a0: photographie, dessin, collage. Cet exercice a \u00e9t\u00e9 particuli\u00e8rement difficile car il a fallu r\u00e9fl\u00e9chir \u00e0 quelle image nous voulions donner de nous-m\u00eames. <strong>Pas toujours simple de se d\u00e9voiler\u2026.<\/strong><\/p>\n<p>Enfin, nous avons \u00e9crit quelques \u00ab\u00a0Je me souviens\u00a0\u00bb \u00e0 la mani\u00e8re de Georges P\u00e9rec. <strong>De petits souvenirs, emprunts d\u2019une certaine nostalgie et dont on se souvient avec bonheur<\/strong>.<\/p>\n<p>Toutes ces r\u00e9alisations donnent lieu \u00e0 cet <strong>autoportrait de classe<\/strong> que nous avons \u00e9t\u00e9 heureux et fiers de pr\u00e9senter dans le hall du coll\u00e8ge.<div id=\"metaslider-id-1019\" style=\"max-width: 700px;\" class=\"ml-slider-3-108-0 metaslider metaslider-nivo metaslider-1019 ml-slider has-dots-nav ms-theme-default\" role=\"region\" aria-label=\"autoportrait de classe\" data-height=\"300\" data-width=\"700\">\n    <div id=\"metaslider_container_1019\">\n        <div class='slider-wrapper theme-default'><div class='ribbon'><\/div><div id='metaslider_1019' class='nivoSlider'><img loading=\"lazy\" decoding=\"async\" src=\"http:\/\/www.clg-dampierre.ac-besancon.fr\/wp-content\/uploads\/sites\/30\/2016\/12\/DSC00431-700x300.jpg\" height=\"300\" width=\"700\" alt=\"\" class=\"slider-1019 slide-1069 msDefaultImage\" \/><img loading=\"lazy\" decoding=\"async\" src=\"http:\/\/www.clg-dampierre.ac-besancon.fr\/wp-content\/uploads\/sites\/30\/2016\/12\/DSC00432-700x300.jpg\" height=\"300\" width=\"700\" alt=\"\" class=\"slider-1019 slide-1070 msDefaultImage\" \/><img loading=\"lazy\" decoding=\"async\" src=\"http:\/\/www.clg-dampierre.ac-besancon.fr\/wp-content\/uploads\/sites\/30\/2016\/12\/DSC00435-e1480884614229-700x300.jpg\" height=\"300\" width=\"700\" alt=\"\" class=\"slider-1019 slide-1072 msDefaultImage\" \/><img loading=\"lazy\" decoding=\"async\" src=\"http:\/\/www.clg-dampierre.ac-besancon.fr\/wp-content\/uploads\/sites\/30\/2016\/12\/DSC00434-e1480884511466-700x300.jpg\" height=\"300\" width=\"700\" alt=\"\" class=\"slider-1019 slide-1073 msDefaultImage\" \/><img loading=\"lazy\" decoding=\"async\" src=\"http:\/\/www.clg-dampierre.ac-besancon.fr\/wp-content\/uploads\/sites\/30\/2016\/12\/DSC00433-e1480884815288-700x300.jpg\" height=\"300\" width=\"700\" alt=\"\" class=\"slider-1019 slide-1071 msDefaultImage\" \/><\/div><\/div>\n        \n    <\/div>\n<\/div><\/p>\n","protected":false},"excerpt":{"rendered":"<p>\u00a0\u00a0Les \u00e9l\u00e8ves de 3\u00e8me2 ont travaill\u00e9 sur le genre de l\u2019autobiographie dans le cadre du cours de fran\u00e7ais et ont r\u00e9alis\u00e9 l\u2019autoportrait g\u00e9ant de leur classe.<\/p><p><a class=\"more-link btn\" href=\"http:\/\/www.clg-dampierre.ac-besancon.fr\/?p=1068\">Lire la suite<\/a><\/p>\n","protected":false},"author":1187,"featured_media":0,"comment_status":"closed","ping_status":"closed","sticky":false,"template":"","format":"standard","meta":{"ngg_post_thumbnail":0,"footnotes":""},"categories":[6,26],"tags":[],"class_list":["post-1068","post","type-post","status-publish","format-standard","hentry","category-arts-et-culture","category-francais","item-wrap"],"views":1586,"publishpress_future_action":{"enabled":false,"date":"2026-05-08 03:59:45","action":"change-status","newStatus":"draft","terms":[],"taxonomy":"category","extraData":[]},"publishpress_future_workflow_manual_trigger":{"enabledWorkflows":[]},"_links":{"self":[{"href":"http:\/\/www.clg-dampierre.ac-besancon.fr\/index.php?rest_route=\/wp\/v2\/posts\/1068","targetHints":{"allow":["GET"]}}],"collection":[{"href":"http:\/\/www.clg-dampierre.ac-besancon.fr\/index.php?rest_route=\/wp\/v2\/posts"}],"about":[{"href":"http:\/\/www.clg-dampierre.ac-besancon.fr\/index.php?rest_route=\/wp\/v2\/types\/post"}],"author":[{"embeddable":true,"href":"http:\/\/www.clg-dampierre.ac-besancon.fr\/index.php?rest_route=\/wp\/v2\/users\/1187"}],"replies":[{"embeddable":true,"href":"http:\/\/www.clg-dampierre.ac-besancon.fr\/index.php?rest_route=%2Fwp%2Fv2%2Fcomments&post=1068"}],"version-history":[{"count":3,"href":"http:\/\/www.clg-dampierre.ac-besancon.fr\/index.php?rest_route=\/wp\/v2\/posts\/1068\/revisions"}],"predecessor-version":[{"id":1076,"href":"http:\/\/www.clg-dampierre.ac-besancon.fr\/index.php?rest_route=\/wp\/v2\/posts\/1068\/revisions\/1076"}],"wp:attachment":[{"href":"http:\/\/www.clg-dampierre.ac-besancon.fr\/index.php?rest_route=%2Fwp%2Fv2%2Fmedia&parent=1068"}],"wp:term":[{"taxonomy":"category","embeddable":true,"href":"http:\/\/www.clg-dampierre.ac-besancon.fr\/index.php?rest_route=%2Fwp%2Fv2%2Fcategories&post=1068"},{"taxonomy":"post_tag","embeddable":true,"href":"http:\/\/www.clg-dampierre.ac-besancon.fr\/index.php?rest_route=%2Fwp%2Fv2%2Ftags&post=1068"}],"curies":[{"name":"wp","href":"https:\/\/api.w.org\/{rel}","templated":true}]}}