{"id":1325,"date":"2017-01-17T16:23:30","date_gmt":"2017-01-17T15:23:30","guid":{"rendered":"http:\/\/www.clg-dampierre.ac-besancon.fr\/?p=1325"},"modified":"2017-01-30T13:00:02","modified_gmt":"2017-01-30T12:00:02","slug":"projet-de-recherche-et-enquete-parents-deleves","status":"publish","type":"post","link":"http:\/\/www.clg-dampierre.ac-besancon.fr\/?p=1325","title":{"rendered":"Projet de recherche et enqu\u00eate parents d&rsquo;\u00e9l\u00e8ves"},"content":{"rendered":"<div>Bonjour,<\/div>\n<div>\n<p style=\"text-align: justify\">10 ans apr\u00e8s la mise en \u0153uvre de la loi de 2005 pour l\u2019\u00e9galit\u00e9\u00a0 des droits et des chances, la participation et la citoyennet\u00e9 des personnes handicap\u00e9es, un projet de recherche associant plusieurs universit\u00e9s propose d\u2019\u00e9valuer l\u2019impact de la scolarisation des \u00e9l\u00e8ves en situation de handicap sur les pratiques des acteurs de cette scolarisation dans le second degr\u00e9, en dehors des dispositifs ULIS.<\/p>\n<p style=\"text-align: justify\">Dans ce cadre et \u00e0 la demande de Monsieur le Recteur, je me fais le relais de cette proposition qui est faite, en tant que parents d\u2019\u00e9l\u00e8ves, et dans la mesure de vos possibilit\u00e9s, de participer \u00e0 l\u2019enqu\u00eate en ligne que vous trouverez \u00e0 l\u2019adresse suivante\u00a0(\u00e0 copier-coller dans la barre d&rsquo;adresse d&rsquo;un navigateur internet) :<\/p>\n<p style=\"text-align: justify\"><span style=\"font-size: 10pt;line-height: 115%;font-family: Arial, sans-serif\">https:\/\/drive.google.com\/open?id=1KXrjtwetndCywe3M8nRa2QtZRoV8EqCOZD54KWLSJF0<\/span><\/p>\n<p>En vous remerciant pour la contribution que vous apporterez \u00e0 ce projet de recherche\u00a0et avec mes respectueuses saluations,<\/p>\n<p>Le principal<\/p>\n<\/div>\n","protected":false},"excerpt":{"rendered":"<p>Bonjour, 10 ans apr\u00e8s la mise en \u0153uvre de la loi de 2005 pour l\u2019\u00e9galit\u00e9\u00a0 des droits et des chances, la participation et la citoyennet\u00e9 des personnes handicap\u00e9es, un projet de recherche associant plusieurs universit\u00e9s propose d\u2019\u00e9valuer l\u2019impact de la scolarisation des \u00e9l\u00e8ves en situation de handicap sur les pratiques des acteurs de cette scolarisation &hellip; <\/p>\n<p><a class=\"more-link btn\" href=\"http:\/\/www.clg-dampierre.ac-besancon.fr\/?p=1325\">Lire la suite<\/a><\/p>\n","protected":false},"author":1198,"featured_media":0,"comment_status":"closed","ping_status":"closed","sticky":false,"template":"","format":"standard","meta":{"ngg_post_thumbnail":0,"footnotes":""},"categories":[78],"tags":[],"class_list":["post-1325","post","type-post","status-publish","format-standard","hentry","category-parents","item-wrap"],"views":833,"publishpress_future_action":{"enabled":false,"date":"2026-05-08 05:57:42","action":"change-status","newStatus":"draft","terms":[],"taxonomy":"category","extraData":[]},"publishpress_future_workflow_manual_trigger":{"enabledWorkflows":[]},"_links":{"self":[{"href":"http:\/\/www.clg-dampierre.ac-besancon.fr\/index.php?rest_route=\/wp\/v2\/posts\/1325","targetHints":{"allow":["GET"]}}],"collection":[{"href":"http:\/\/www.clg-dampierre.ac-besancon.fr\/index.php?rest_route=\/wp\/v2\/posts"}],"about":[{"href":"http:\/\/www.clg-dampierre.ac-besancon.fr\/index.php?rest_route=\/wp\/v2\/types\/post"}],"author":[{"embeddable":true,"href":"http:\/\/www.clg-dampierre.ac-besancon.fr\/index.php?rest_route=\/wp\/v2\/users\/1198"}],"replies":[{"embeddable":true,"href":"http:\/\/www.clg-dampierre.ac-besancon.fr\/index.php?rest_route=%2Fwp%2Fv2%2Fcomments&post=1325"}],"version-history":[{"count":1,"href":"http:\/\/www.clg-dampierre.ac-besancon.fr\/index.php?rest_route=\/wp\/v2\/posts\/1325\/revisions"}],"predecessor-version":[{"id":1326,"href":"http:\/\/www.clg-dampierre.ac-besancon.fr\/index.php?rest_route=\/wp\/v2\/posts\/1325\/revisions\/1326"}],"wp:attachment":[{"href":"http:\/\/www.clg-dampierre.ac-besancon.fr\/index.php?rest_route=%2Fwp%2Fv2%2Fmedia&parent=1325"}],"wp:term":[{"taxonomy":"category","embeddable":true,"href":"http:\/\/www.clg-dampierre.ac-besancon.fr\/index.php?rest_route=%2Fwp%2Fv2%2Fcategories&post=1325"},{"taxonomy":"post_tag","embeddable":true,"href":"http:\/\/www.clg-dampierre.ac-besancon.fr\/index.php?rest_route=%2Fwp%2Fv2%2Ftags&post=1325"}],"curies":[{"name":"wp","href":"https:\/\/api.w.org\/{rel}","templated":true}]}}