{"id":1575,"date":"2017-02-14T14:02:18","date_gmt":"2017-02-14T13:02:18","guid":{"rendered":"http:\/\/www.clg-dampierre.ac-besancon.fr\/?p=1575"},"modified":"2017-02-14T14:16:45","modified_gmt":"2017-02-14T13:16:45","slug":"1575","status":"publish","type":"post","link":"http:\/\/www.clg-dampierre.ac-besancon.fr\/?p=1575","title":{"rendered":"Calendrier des Portes Ouvertes de Lyc\u00e9es de Haute-Sa\u00f4ne"},"content":{"rendered":"<p style=\"text-align: center\">Calendrier<strong> des portes ouvertes \u2013 2016\/2017<\/strong><\/p>\n<p style=\"text-align: center\"><strong>HAUTE-SAONE<\/strong><\/p>\n<p>Vous trouverez ci-apr\u00e8s les dates des portes ouvertes des lyc\u00e9es de Haute-Sa\u00f4ne<strong><br \/>\n<\/strong><\/p>\n<p><!--more--><\/p>\n<p>&nbsp;<\/p>\n<p><strong><span style=\"color: #ff0000\">AILLEVILLERS-ET-LYAUMONT<\/span><\/strong><\/p>\n<p><strong>Maison familiale rurale<\/strong><\/p>\n<p>4 f\u00e9vrier 2017 de 9h \u00e0 17h30<\/p>\n<p>11 mars 2017 de 9h \u00e0 17h30<\/p>\n<p><u>www.mfr-aillevillers.fr<\/u><\/p>\n<p>&nbsp;<\/p>\n<p><strong><span style=\"color: #ff0000\">CHARGEY-LES-GRAY<\/span><\/strong><\/p>\n<p><strong>Maison familiale rurale<\/strong><\/p>\n<p>4 f\u00e9vrier 2017 de 9h \u00e0 17h<\/p>\n<p>11 mars 2017 de 9h \u00e0 17h<\/p>\n<p>20 mai 2017 de 9h \u00e0 17h<\/p>\n<p>Le 4 f\u00e9vrier, il y aura un march\u00e9 bio<\/p>\n<p><u>www.mfrchargey.fr\/<\/u><\/p>\n<p>&nbsp;<\/p>\n<p><strong><span style=\"color: #ff0000\">COMBEAUFONTAINE<\/span><\/strong><\/p>\n<p><strong>Maison familiale rurale<\/strong><\/p>\n<p>4 f\u00e9vrier 2017 de 10h \u00e0 17h<\/p>\n<p>11 mars 2017 de 10h \u00e0 17h<\/p>\n<p>13 mai 2017 de 10h \u00e0 17h<\/p>\n<p>23 juin 2017 de 15h \u00e0 19h<\/p>\n<p><u>www.mfr-combeaufontaine.fr\/<\/u><\/p>\n<p>&nbsp;<\/p>\n<p><strong><span style=\"color: #ff0000\">FOUGEROLLES<\/span><\/strong><\/p>\n<p><strong>Maison familiale rurale<\/strong><\/p>\n<p>3 f\u00e9vrier 2017 de 16h30 \u00e0 20h30<\/p>\n<p>4 f\u00e9vrier 2017 de 10h \u00e0 17h<\/p>\n<p>11 mars 2017 de 10h \u00e0 17h<\/p>\n<p>8 avril 2017 de 10h \u00e0 17h<\/p>\n<p><u>www.mfr-fougerolles.fr<\/u><\/p>\n<p>&nbsp;<\/p>\n<p><strong><span style=\"color: #ff0000\">GRAY<\/span><\/strong><\/p>\n<p><span style=\"color: #000000\"><strong>Lyc\u00e9e Augustin Cournot<\/strong><\/span><\/p>\n<p>8 avril 2017 de 8h30 \u00e0 12h<\/p>\n<p><u>http:\/\/www.lyc-cournot.ac-besancon.fr\/<\/u><\/p>\n<p>&nbsp;<\/p>\n<p><span style=\"color: #000000\"><strong>Lyc\u00e9e Henri Fertet<\/strong><\/span><\/p>\n<p>1 avril 2017 de 8h30 \u00e0 13h<\/p>\n<p><u>http:\/\/www.lp-fertet.com\/<\/u><\/p>\n<p>&nbsp;<\/p>\n<p><span style=\"color: #000000\"><strong>LP priv\u00e9 Saint-Pierre Fourier<\/strong><\/span><\/p>\n<p>11 mars 2017 de 9h \u00e0 13h<\/p>\n<p>13 mai 2017 de 9h \u00e0 13h<\/p>\n<p><u>http:\/\/spfgray.wordpress.com<\/u><\/p>\n<p>&nbsp;<\/p>\n<p><span style=\"color: #000000\"><strong>LP priv\u00e9 Ste-Marie<\/strong><\/span><\/p>\n<p>11 mars 2017 de 9h \u00e0 14h<\/p>\n<p>13 mai 2017 de 9h \u00e0 14h<\/p>\n<p>&nbsp;<\/p>\n<p><strong><span style=\"color: #ff0000\">HERICOURT<\/span><\/strong><\/p>\n<p><strong>Lyc\u00e9e Louis Aragon<\/strong><\/p>\n<p>Formations post 3e :<\/p>\n<p>25 mars 2017 de 8h30 \u00e0 12h Formations post bac :<\/p>\n<p>28 janvier 2017 de 8h30 \u00e0 12h30<\/p>\n<p><u>www.lyceearagon.fr<\/u><\/p>\n<p>&nbsp;<\/p>\n<p><strong><span style=\"color: #ff0000\">LURE<\/span><\/strong><\/p>\n<p><strong>Lyc\u00e9e Georges Colomb<\/strong><\/p>\n<p>Formations post 3e :<\/p>\n<p>18 mars 2017 de 9h \u00e0 12h sur les 2 sites Colomb et Bartholdi Formation post bac : 18 mars 2017 de 9h \u00e0<\/p>\n<p>12h sur le site Colomb<\/p>\n<p><u>http:\/\/www.lyc-colomb.ac-besancon.fr\/<\/u><\/p>\n<p>&nbsp;<\/p>\n<p><strong>LP priv\u00e9 Sainte-Anne Saint-Joseph<\/strong><\/p>\n<p>10 mars 2017 de 17h \u00e0 20h<\/p>\n<p>11 mars 2017 de 9h \u00e0 12h<\/p>\n<p><u>www.steanne-stjoseph.fr<\/u><\/p>\n<p>&nbsp;<\/p>\n<p><strong><span style=\"color: #ff0000\">LUXEUIL-LES-BAINS<\/span><\/strong><\/p>\n<p><strong>Lyc\u00e9e Lumi\u00e8re<\/strong><\/p>\n<p>11 mars 2017 de 8h \u00e0 12h<\/p>\n<p><u>www.lyc-lumiere.ac-besancon.fr\/<\/u><\/p>\n<p>&nbsp;<\/p>\n<p><strong><span style=\"color: #ff0000\">MONTBOZON<\/span><\/strong><\/p>\n<p><strong>Maison familiale rurale<\/strong><\/p>\n<p>4 f\u00e9vrier 2017 10h \u00e0 18h<\/p>\n<p>11 mars 2017 de 10h \u00e0 18h<\/p>\n<p><u>www.mfr-montbozon.org\/<\/u><\/p>\n<p>&nbsp;<\/p>\n<p><strong><span style=\"color: #ff0000\">RIOZ<\/span><\/strong><\/p>\n<p><strong>Maison familiale rurale<\/strong><\/p>\n<p>4 f\u00e9vrier 2017 de 9h00 \u00e0 17h<\/p>\n<p><u>www.mfr-rioz.fr<\/u><\/p>\n<p>&nbsp;<\/p>\n<p><strong><span style=\"color: #ff0000\">VESOUL<\/span><\/strong><\/p>\n<p><strong>CFA de Haute-Sa\u00f4ne<\/strong><\/p>\n<p>11 mars 2017 de 9h \u00e0 16h30<\/p>\n<p><u>www.cfa70.fr\/<\/u><\/p>\n<p>&nbsp;<\/p>\n<p><strong>CFA de l&rsquo;industrie Nord Franche-Comt\u00e9<\/strong><\/p>\n<p>11 mars 2017 de 9h \u00e0 16h30<\/p>\n<p><u>www.cfai.org<\/u><\/p>\n<p>&nbsp;<\/p>\n<p><strong>IMEA &#8211; campus de Vesoul \u2013 Negoventis<\/strong><\/p>\n<p>25 janvier 2017 de 13h30 \u00e0 17h30<\/p>\n<p><u>www.egc-franchecomte.fr<\/u><\/p>\n<p>&nbsp;<\/p>\n<p><strong>Institut r\u00e9gional de formation sanitaire et sociale Bourgogne Franche-Comt\u00e9<\/strong><\/p>\n<p>25 janvier 2017 de 14h \u00e0 17h<\/p>\n<p><u>www.irfss-franche-comte.croix-rouge.fr<\/u><\/p>\n<p>&nbsp;<\/p>\n<p><strong>IUT de Besan\u00e7on-Vesoul, site de Vesoul<\/strong><\/p>\n<p>4 f\u00e9vrier 2017<\/p>\n<p><u>http:\/\/iut-bv.univ-fcomte.fr\/<\/u><\/p>\n<p><u><br \/>\n<\/u><\/p>\n<p><strong>Lyc\u00e9e agricole Etienne Munier et CFA agricole<\/strong><\/p>\n<p>4 f\u00e9vrier 2017 de 9h \u00e0 16h30<\/p>\n<p>11 mars 2017 de 9h \u00e0 16h30<\/p>\n<p><u>www.epl.vesoul.educagri.fr<\/u><\/p>\n<p>&nbsp;<\/p>\n<p><strong>Lyc\u00e9e Edouard Belin<\/strong><\/p>\n<p>11 mars 2017 de 8h30 \u00e0 12h<\/p>\n<p><u>http:\/\/www.lycee-belin.fr\/<\/u><\/p>\n<p>&nbsp;<\/p>\n<p><strong>Lyc\u00e9e Les Haberges<\/strong><\/p>\n<p>12 mai 2017 de 16h30 \u00e0 19h<\/p>\n<p><u>www.haberges.fr<\/u><\/p>\n<p>&nbsp;<\/p>\n<p><strong>LP Luxembourg<\/strong><\/p>\n<p>17 mars 2017 de 14h \u00e0 18h30<\/p>\n<p><u>www.lycee-luxembourg.fr<\/u><\/p>\n<p>&nbsp;<\/p>\n<p><strong>LP Pontarcher<\/strong><\/p>\n<p>17 mars 2017 de 15h45 \u00e0 20h<\/p>\n<p><u>http:\/\/www.lycee-pontarcher.fr\/<\/u><\/p>\n<p>&nbsp;<\/p>\n<p><strong>Universit\u00e9 de Franche-Comt\u00e9 :<\/strong><\/p>\n<p><strong>Ecole sup\u00e9rieure du professorat et de l&rsquo;\u00e9ducation (ESPE)<\/strong><\/p>\n<p>4 f\u00e9vrier 2017<\/p>\n<p><u>www.univ-fcomte.fr<\/u><\/p>\n<p><u>http:\/\/jpo.univ-fcomte.fr<\/u><\/p>\n<p>&nbsp;<\/p>\n<p><strong><span style=\"color: #ff0000\">VILLERSEXEL<\/span><\/strong><\/p>\n<p><strong>LP priv\u00e9 Notre-Dame de la Compassion<\/strong><\/p>\n<p>11 mars 2017 de 9h \u00e0 12h30<\/p>\n<p><u>www.groupe-scolaire-lacompassion.org\/<\/u><\/p>\n<p>&nbsp;<\/p>\n<p>&nbsp;<\/p>\n<p>&nbsp;<\/p>\n<p>&nbsp;<\/p>\n<p>&nbsp;<\/p>\n<p>&nbsp;<\/p>\n<p>&nbsp;<\/p>\n<p>&nbsp;<\/p>\n<p>&nbsp;<\/p>\n<p>&nbsp;<\/p>\n<p>&nbsp;<\/p>\n<p>&nbsp;<\/p>\n<p>&nbsp;<\/p>\n<p>&nbsp;<\/p>\n<p>&nbsp;<\/p>\n<p>&nbsp;<\/p>\n<p>&nbsp;<\/p>\n<p>&nbsp;<\/p>\n<p>&nbsp;<\/p>\n<p>&nbsp;<\/p>\n<p>&nbsp;<\/p>\n<p>&nbsp;<\/p>\n<p>&nbsp;<\/p>\n<p>&nbsp;<\/p>\n<p>&nbsp;<\/p>\n<p>&nbsp;<\/p>\n<p>&nbsp;<\/p>\n<p>&nbsp;<\/p>\n<p>&nbsp;<\/p>\n<p>&nbsp;<\/p>\n<p>&nbsp;<\/p>\n<p>Mise \u00e0 jour le 14\/02\/2017<\/p>\n<p>&nbsp;<\/p>\n<p>&nbsp;<\/p>\n<p>&nbsp;<\/p>\n<p>&nbsp;<\/p>\n<p>&nbsp;<\/p>\n<p>&nbsp;<\/p>\n<p>&nbsp;<\/p>\n<p>&nbsp;<\/p>\n<p>&nbsp;<\/p>\n<p>Mise \u00e0 jour le 14\/02\/2017<\/p>\n","protected":false},"excerpt":{"rendered":"<p>Calendrier des portes ouvertes \u2013 2016\/2017 HAUTE-SAONE Vous trouverez ci-apr\u00e8s les dates des portes ouvertes des lyc\u00e9es de Haute-Sa\u00f4ne<\/p><p><a class=\"more-link btn\" href=\"http:\/\/www.clg-dampierre.ac-besancon.fr\/?p=1575\">Lire la suite<\/a><\/p>\n","protected":false},"author":1225,"featured_media":0,"comment_status":"closed","ping_status":"closed","sticky":false,"template":"","format":"standard","meta":{"ngg_post_thumbnail":0,"footnotes":""},"categories":[10],"tags":[],"class_list":["post-1575","post","type-post","status-publish","format-standard","hentry","category-infos-administratives","item-wrap"],"views":968,"publishpress_future_action":{"enabled":false,"date":"2026-05-08 05:57:43","action":"change-status","newStatus":"draft","terms":[],"taxonomy":"category","extraData":[]},"publishpress_future_workflow_manual_trigger":{"enabledWorkflows":[]},"_links":{"self":[{"href":"http:\/\/www.clg-dampierre.ac-besancon.fr\/index.php?rest_route=\/wp\/v2\/posts\/1575","targetHints":{"allow":["GET"]}}],"collection":[{"href":"http:\/\/www.clg-dampierre.ac-besancon.fr\/index.php?rest_route=\/wp\/v2\/posts"}],"about":[{"href":"http:\/\/www.clg-dampierre.ac-besancon.fr\/index.php?rest_route=\/wp\/v2\/types\/post"}],"author":[{"embeddable":true,"href":"http:\/\/www.clg-dampierre.ac-besancon.fr\/index.php?rest_route=\/wp\/v2\/users\/1225"}],"replies":[{"embeddable":true,"href":"http:\/\/www.clg-dampierre.ac-besancon.fr\/index.php?rest_route=%2Fwp%2Fv2%2Fcomments&post=1575"}],"version-history":[{"count":3,"href":"http:\/\/www.clg-dampierre.ac-besancon.fr\/index.php?rest_route=\/wp\/v2\/posts\/1575\/revisions"}],"predecessor-version":[{"id":1581,"href":"http:\/\/www.clg-dampierre.ac-besancon.fr\/index.php?rest_route=\/wp\/v2\/posts\/1575\/revisions\/1581"}],"wp:attachment":[{"href":"http:\/\/www.clg-dampierre.ac-besancon.fr\/index.php?rest_route=%2Fwp%2Fv2%2Fmedia&parent=1575"}],"wp:term":[{"taxonomy":"category","embeddable":true,"href":"http:\/\/www.clg-dampierre.ac-besancon.fr\/index.php?rest_route=%2Fwp%2Fv2%2Fcategories&post=1575"},{"taxonomy":"post_tag","embeddable":true,"href":"http:\/\/www.clg-dampierre.ac-besancon.fr\/index.php?rest_route=%2Fwp%2Fv2%2Ftags&post=1575"}],"curies":[{"name":"wp","href":"https:\/\/api.w.org\/{rel}","templated":true}]}}