{"id":228,"date":"2016-11-10T09:00:08","date_gmt":"2016-11-10T08:00:08","guid":{"rendered":"http:\/\/www.clg-dampierre.ac-besancon.fr\/?p=228"},"modified":"2016-11-10T16:29:03","modified_gmt":"2016-11-10T15:29:03","slug":"les-petites-fugues-a-champlitte","status":"publish","type":"post","link":"http:\/\/www.clg-dampierre.ac-besancon.fr\/?p=228","title":{"rendered":"Les Petites Fugues \u00e0 Champlitte"},"content":{"rendered":"<p><img loading=\"lazy\" decoding=\"async\" class=\"aligncenter size-medium\" src=\"https:\/\/4.bp.blogspot.com\/-f59RGfw2BRU\/V8UhEt84IbI\/AAAAAAAAKfQ\/QVePay5ewRUnqNIriup4LvWUa67256XswCLcB\/s1600\/Capture-d%25E2%2580%2599e%25CC%2581cran-2016-08-26-a%25CC%2580-08.37.46.png\" alt=\"\" width=\"563\" height=\"159\" \/><\/p>\n<p>Rencontre avec deux auteurs,\u00a0 Jo\u00ebl Egloff et Arnaud Dudek,\u00a0<strong> jeudi 17 novembre 2016 au Mus\u00e9e d\u00e9partemental de Champlitte de 16h \u00e0 18h30.<\/strong><\/p>\n<p>A cette occasion, les \u00e9l\u00e8ves des deux classes de 3e du coll\u00e8ge Leroi-Gourhan liront des textes extraits du recueil de nouvelles <em>Libellules<\/em> de Jo\u00eal Egloff et du court roman <em>Rester sage<\/em> de Arnaud Dudek.<\/p>\n<p><!--more--><\/p>\n<p>Afin de pr\u00e9parer les lecture des textes, les coll\u00e8giens ont travaill\u00e9 avec la com\u00e9dienne Anne Monfort\u00a0 (Compagnie Day-for-Night localis\u00e9e \u00e0 Besan\u00e7on).<\/p>\n<p><em><strong><a href=\"http:\/\/www.lespetitesfugues.fr\/\" target=\"_blank\">Lien pour en savoir plus sur la manifestation r\u00e9gionale<\/a><\/strong><\/em><\/p>\n","protected":false},"excerpt":{"rendered":"<p>Rencontre avec deux auteurs,\u00a0 Jo\u00ebl Egloff et Arnaud Dudek,\u00a0 jeudi 17 novembre 2016 au Mus\u00e9e d\u00e9partemental de Champlitte de 16h \u00e0 18h30. A cette occasion, les \u00e9l\u00e8ves des deux classes de 3e du coll\u00e8ge Leroi-Gourhan liront des textes extraits du recueil de nouvelles Libellules de Jo\u00eal Egloff et du court roman Rester sage de Arnaud &hellip; <\/p>\n<p><a class=\"more-link btn\" href=\"http:\/\/www.clg-dampierre.ac-besancon.fr\/?p=228\">Lire la suite<\/a><\/p>\n","protected":false},"author":1193,"featured_media":0,"comment_status":"closed","ping_status":"closed","sticky":false,"template":"","format":"standard","meta":{"ngg_post_thumbnail":0,"footnotes":""},"categories":[35,26,32],"tags":[],"class_list":["post-228","post","type-post","status-publish","format-standard","hentry","category-actions-du-college","category-francais","category-vie-du-cdi","item-wrap"],"views":937,"publishpress_future_action":{"enabled":false,"date":"2026-05-08 02:10:25","action":"change-status","newStatus":"draft","terms":[],"taxonomy":"category","extraData":[]},"publishpress_future_workflow_manual_trigger":{"enabledWorkflows":[]},"_links":{"self":[{"href":"http:\/\/www.clg-dampierre.ac-besancon.fr\/index.php?rest_route=\/wp\/v2\/posts\/228","targetHints":{"allow":["GET"]}}],"collection":[{"href":"http:\/\/www.clg-dampierre.ac-besancon.fr\/index.php?rest_route=\/wp\/v2\/posts"}],"about":[{"href":"http:\/\/www.clg-dampierre.ac-besancon.fr\/index.php?rest_route=\/wp\/v2\/types\/post"}],"author":[{"embeddable":true,"href":"http:\/\/www.clg-dampierre.ac-besancon.fr\/index.php?rest_route=\/wp\/v2\/users\/1193"}],"replies":[{"embeddable":true,"href":"http:\/\/www.clg-dampierre.ac-besancon.fr\/index.php?rest_route=%2Fwp%2Fv2%2Fcomments&post=228"}],"version-history":[{"count":5,"href":"http:\/\/www.clg-dampierre.ac-besancon.fr\/index.php?rest_route=\/wp\/v2\/posts\/228\/revisions"}],"predecessor-version":[{"id":692,"href":"http:\/\/www.clg-dampierre.ac-besancon.fr\/index.php?rest_route=\/wp\/v2\/posts\/228\/revisions\/692"}],"wp:attachment":[{"href":"http:\/\/www.clg-dampierre.ac-besancon.fr\/index.php?rest_route=%2Fwp%2Fv2%2Fmedia&parent=228"}],"wp:term":[{"taxonomy":"category","embeddable":true,"href":"http:\/\/www.clg-dampierre.ac-besancon.fr\/index.php?rest_route=%2Fwp%2Fv2%2Fcategories&post=228"},{"taxonomy":"post_tag","embeddable":true,"href":"http:\/\/www.clg-dampierre.ac-besancon.fr\/index.php?rest_route=%2Fwp%2Fv2%2Ftags&post=228"}],"curies":[{"name":"wp","href":"https:\/\/api.w.org\/{rel}","templated":true}]}}