{"id":2427,"date":"2017-06-29T11:34:52","date_gmt":"2017-06-29T09:34:52","guid":{"rendered":"http:\/\/www.clg-dampierre.ac-besancon.fr\/?p=2427"},"modified":"2017-06-29T11:36:57","modified_gmt":"2017-06-29T09:36:57","slug":"chanit-radio-la-webradio-du-college-leroi-gourhan-ultime-emission","status":"publish","type":"post","link":"http:\/\/www.clg-dampierre.ac-besancon.fr\/?p=2427","title":{"rendered":"Chanit radio, la webradio du coll\u00e8ge Leroi-Gourhan : ultime \u00e9mission"},"content":{"rendered":"<p>&nbsp;<\/p>\n<p>Fanny, L\u00e9o et Antoine ont r\u00e9alis\u00e9 une \u00e9mission ayant pour sujet la fermeture du coll\u00e8ge de Champlitte.<\/p>\n<p><!--more--><\/p>\n<p>Pour ce faire, ils ont recueilli les impressions de Chanitois, de commer\u00e7ants,\u00a0 d&rsquo;\u00e9lus, de parents, de personnels et d&rsquo;\u00e9l\u00e8ves.<\/p>\n<p>&nbsp;<\/p>\n<p>&nbsp;<\/p>\n<audio class=\"wp-audio-shortcode\" id=\"audio-2427-1\" preload=\"none\" style=\"width: 100%;\" controls=\"controls\"><source type=\"audio\/mpeg\" src=\"http:\/\/www.clg-dampierre.ac-besancon.fr\/wp-content\/uploads\/sites\/30\/2017\/06\/emissions-fermeture-2.mp3?_=1\" \/><a href=\"http:\/\/www.clg-dampierre.ac-besancon.fr\/wp-content\/uploads\/sites\/30\/2017\/06\/emissions-fermeture-2.mp3\">http:\/\/www.clg-dampierre.ac-besancon.fr\/wp-content\/uploads\/sites\/30\/2017\/06\/emissions-fermeture-2.mp3<\/a><\/audio>\n<p>&nbsp;<\/p>\n<p><img loading=\"lazy\" decoding=\"async\" class=\"aligncenter wp-image-2430 \" src=\"http:\/\/www.clg-dampierre.ac-besancon.fr\/wp-content\/uploads\/sites\/30\/2017\/06\/Journalistes.jpg\" alt=\"\" width=\"538\" height=\"402\" srcset=\"http:\/\/www.clg-dampierre.ac-besancon.fr\/wp-content\/uploads\/sites\/30\/2017\/06\/Journalistes.jpg 600w, http:\/\/www.clg-dampierre.ac-besancon.fr\/wp-content\/uploads\/sites\/30\/2017\/06\/Journalistes-300x224.jpg 300w\" sizes=\"auto, (max-width: 538px) 100vw, 538px\" \/><\/p>\n<p>&nbsp;<\/p>\n<p>&nbsp;<\/p>\n<p>&nbsp;<\/p>\n","protected":false},"excerpt":{"rendered":"<p>&nbsp; Fanny, L\u00e9o et Antoine ont r\u00e9alis\u00e9 une \u00e9mission ayant pour sujet la fermeture du coll\u00e8ge de Champlitte.<\/p><p><a class=\"more-link btn\" href=\"http:\/\/www.clg-dampierre.ac-besancon.fr\/?p=2427\">Lire la suite<\/a><\/p>\n","protected":false},"author":1193,"featured_media":0,"comment_status":"closed","ping_status":"closed","sticky":false,"template":"","format":"standard","meta":{"ngg_post_thumbnail":0,"footnotes":""},"categories":[35,32],"tags":[],"class_list":["post-2427","post","type-post","status-publish","format-standard","hentry","category-actions-du-college","category-vie-du-cdi","item-wrap"],"views":1921,"publishpress_future_action":{"enabled":false,"date":"2026-05-08 05:57:42","action":"change-status","newStatus":"draft","terms":[],"taxonomy":"category","extraData":[]},"publishpress_future_workflow_manual_trigger":{"enabledWorkflows":[]},"_links":{"self":[{"href":"http:\/\/www.clg-dampierre.ac-besancon.fr\/index.php?rest_route=\/wp\/v2\/posts\/2427","targetHints":{"allow":["GET"]}}],"collection":[{"href":"http:\/\/www.clg-dampierre.ac-besancon.fr\/index.php?rest_route=\/wp\/v2\/posts"}],"about":[{"href":"http:\/\/www.clg-dampierre.ac-besancon.fr\/index.php?rest_route=\/wp\/v2\/types\/post"}],"author":[{"embeddable":true,"href":"http:\/\/www.clg-dampierre.ac-besancon.fr\/index.php?rest_route=\/wp\/v2\/users\/1193"}],"replies":[{"embeddable":true,"href":"http:\/\/www.clg-dampierre.ac-besancon.fr\/index.php?rest_route=%2Fwp%2Fv2%2Fcomments&post=2427"}],"version-history":[{"count":7,"href":"http:\/\/www.clg-dampierre.ac-besancon.fr\/index.php?rest_route=\/wp\/v2\/posts\/2427\/revisions"}],"predecessor-version":[{"id":2439,"href":"http:\/\/www.clg-dampierre.ac-besancon.fr\/index.php?rest_route=\/wp\/v2\/posts\/2427\/revisions\/2439"}],"wp:attachment":[{"href":"http:\/\/www.clg-dampierre.ac-besancon.fr\/index.php?rest_route=%2Fwp%2Fv2%2Fmedia&parent=2427"}],"wp:term":[{"taxonomy":"category","embeddable":true,"href":"http:\/\/www.clg-dampierre.ac-besancon.fr\/index.php?rest_route=%2Fwp%2Fv2%2Fcategories&post=2427"},{"taxonomy":"post_tag","embeddable":true,"href":"http:\/\/www.clg-dampierre.ac-besancon.fr\/index.php?rest_route=%2Fwp%2Fv2%2Ftags&post=2427"}],"curies":[{"name":"wp","href":"https:\/\/api.w.org\/{rel}","templated":true}]}}