{"id":5549,"date":"2023-02-21T15:30:35","date_gmt":"2023-02-21T14:30:35","guid":{"rendered":"http:\/\/www.clg-dampierre.ac-besancon.fr\/?p=5549"},"modified":"2023-07-24T22:05:10","modified_gmt":"2023-07-24T20:05:10","slug":"sejour-a-angouleme","status":"publish","type":"post","link":"http:\/\/www.clg-dampierre.ac-besancon.fr\/?p=5549","title":{"rendered":"S\u00c9JOUR \u00c0 ANGOUL\u00caME"},"content":{"rendered":"<p><img loading=\"lazy\" decoding=\"async\" class=\"alignnone size-medium wp-image-5550\" src=\"http:\/\/www.clg-dampierre.ac-besancon.fr\/wp-content\/uploads\/sites\/30\/2023\/02\/sejour-Angouleme-300x191.jpg\" alt=\"\" width=\"300\" height=\"191\" srcset=\"http:\/\/www.clg-dampierre.ac-besancon.fr\/wp-content\/uploads\/sites\/30\/2023\/02\/sejour-Angouleme-300x191.jpg 300w, http:\/\/www.clg-dampierre.ac-besancon.fr\/wp-content\/uploads\/sites\/30\/2023\/02\/sejour-Angouleme-1024x653.jpg 1024w, http:\/\/www.clg-dampierre.ac-besancon.fr\/wp-content\/uploads\/sites\/30\/2023\/02\/sejour-Angouleme-768x490.jpg 768w, http:\/\/www.clg-dampierre.ac-besancon.fr\/wp-content\/uploads\/sites\/30\/2023\/02\/sejour-Angouleme-969x618.jpg 969w, http:\/\/www.clg-dampierre.ac-besancon.fr\/wp-content\/uploads\/sites\/30\/2023\/02\/sejour-Angouleme.jpg 1280w\" sizes=\"auto, (max-width: 300px) 100vw, 300px\" \/><\/p>\n<p>Depuis sa premi\u00e8re \u00e9dition en janvier 1971 le Festival d&rsquo;Angoul\u00eame est le premier \u00e9v\u00e9nement culturel europ\u00e9en consacr\u00e9 \u00e0 la bande dessin\u00e9e et l\u2019un des tout premiers au monde au regard de son rayonnement m\u00e9diatique, de sa consid\u00e9ration par les auteur.e.s de bande dessin\u00e9e et sa relation au public. Le Festival a \u00ab\u00a0toujours consid\u00e9r\u00e9 l\u2019\u00e9ducation \u00e0 l\u2019art et la pratique artistique comme des facteurs indispensables d\u2019\u00e9mancipation pour la jeunesse. \u00ab\u00a0Ce voyage s&rsquo;inscrivant dans le cadre du programme en arts plastiques\u00a0 et de la mission d&rsquo;ouverture culturelle du professeur documentaliste, Mme Regazzoni et Mr B\u00e9jon ont pu mener \u00e0 bien ce projet qui leur tenait \u00e0 c\u0153ur et ainsi faire d\u00e9couvrir aux \u00e9l\u00e8ves de cinqui\u00e8me du coll\u00e8ge Gaston Ramon cet univers riche qu&rsquo;est la bande dessin\u00e9e.<\/p>\n","protected":false},"excerpt":{"rendered":"<p>Depuis sa premi\u00e8re \u00e9dition en janvier 1971 le Festival d&rsquo;Angoul\u00eame est le premier \u00e9v\u00e9nement culturel europ\u00e9en consacr\u00e9 \u00e0 la bande dessin\u00e9e et l\u2019un des tout premiers au monde au regard de son rayonnement m\u00e9diatique, de sa consid\u00e9ration par les auteur.e.s de bande dessin\u00e9e et sa relation au public. Le Festival a \u00ab\u00a0toujours consid\u00e9r\u00e9 l\u2019\u00e9ducation \u00e0 &hellip; <\/p>\n<p><a class=\"more-link btn\" href=\"http:\/\/www.clg-dampierre.ac-besancon.fr\/?p=5549\">Lire la suite<\/a><\/p>\n","protected":false},"author":1225,"featured_media":0,"comment_status":"closed","ping_status":"closed","sticky":false,"template":"","format":"standard","meta":{"ngg_post_thumbnail":0,"footnotes":""},"categories":[35],"tags":[],"class_list":["post-5549","post","type-post","status-publish","format-standard","hentry","category-actions-du-college","item-wrap"],"views":452,"publishpress_future_action":{"enabled":false,"date":"2026-05-08 11:05:12","action":"change-status","newStatus":"draft","terms":[],"taxonomy":"category","extraData":[]},"publishpress_future_workflow_manual_trigger":{"enabledWorkflows":[]},"_links":{"self":[{"href":"http:\/\/www.clg-dampierre.ac-besancon.fr\/index.php?rest_route=\/wp\/v2\/posts\/5549","targetHints":{"allow":["GET"]}}],"collection":[{"href":"http:\/\/www.clg-dampierre.ac-besancon.fr\/index.php?rest_route=\/wp\/v2\/posts"}],"about":[{"href":"http:\/\/www.clg-dampierre.ac-besancon.fr\/index.php?rest_route=\/wp\/v2\/types\/post"}],"author":[{"embeddable":true,"href":"http:\/\/www.clg-dampierre.ac-besancon.fr\/index.php?rest_route=\/wp\/v2\/users\/1225"}],"replies":[{"embeddable":true,"href":"http:\/\/www.clg-dampierre.ac-besancon.fr\/index.php?rest_route=%2Fwp%2Fv2%2Fcomments&post=5549"}],"version-history":[{"count":2,"href":"http:\/\/www.clg-dampierre.ac-besancon.fr\/index.php?rest_route=\/wp\/v2\/posts\/5549\/revisions"}],"predecessor-version":[{"id":5552,"href":"http:\/\/www.clg-dampierre.ac-besancon.fr\/index.php?rest_route=\/wp\/v2\/posts\/5549\/revisions\/5552"}],"wp:attachment":[{"href":"http:\/\/www.clg-dampierre.ac-besancon.fr\/index.php?rest_route=%2Fwp%2Fv2%2Fmedia&parent=5549"}],"wp:term":[{"taxonomy":"category","embeddable":true,"href":"http:\/\/www.clg-dampierre.ac-besancon.fr\/index.php?rest_route=%2Fwp%2Fv2%2Fcategories&post=5549"},{"taxonomy":"post_tag","embeddable":true,"href":"http:\/\/www.clg-dampierre.ac-besancon.fr\/index.php?rest_route=%2Fwp%2Fv2%2Ftags&post=5549"}],"curies":[{"name":"wp","href":"https:\/\/api.w.org\/{rel}","templated":true}]}}