{"id":901,"date":"2016-11-23T08:58:14","date_gmt":"2016-11-23T07:58:14","guid":{"rendered":"http:\/\/www.clg-dampierre.ac-besancon.fr\/?p=901"},"modified":"2016-11-23T08:59:57","modified_gmt":"2016-11-23T07:59:57","slug":"rencontres-litteraires-les-petites-fugues","status":"publish","type":"post","link":"http:\/\/www.clg-dampierre.ac-besancon.fr\/?p=901","title":{"rendered":"Rencontres litt\u00e9raires \u00ab\u00a0Les petites fugues\u00a0\u00bb"},"content":{"rendered":"<p>Les petites fugues au Mus\u00e9e de Champlitte<\/p>\n<p>Jeudi 17 novembre, dans le cadre des rencontres litt\u00e9raires r\u00e9gionales \u00ab\u00a0Les Petites Fugues\u00a0\u00bb, les coll\u00e9giens de Champlitte ont lu au Mus\u00e9e de Champlitte, des extraits des livres de Jo\u00ebl Egloff et d&rsquo;Arnaud Dudek en pr\u00e9sence des auteurs et devant un public conquis ! <!--more-->Cette ann\u00e9e, pour la premi\u00e8re fois, le festival proposait une lecture \u00e0 plusieurs voix &#8211; Les Petites Formes &#8211; brillamment mise en sc\u00e8ne par les \u00e9l\u00e8ves.<\/p>\n<p>&nbsp;<\/p>\n<p><img loading=\"lazy\" decoding=\"async\" class=\"alignnone size-full wp-image-894\" src=\"http:\/\/www.clg-dampierre.ac-besancon.fr\/wp-content\/uploads\/sites\/30\/2016\/11\/petites-fugues-5.jpg\" alt=\"petites-fugues-5\" width=\"131\" height=\"87\" \/><img loading=\"lazy\" decoding=\"async\" class=\"alignnone size-medium wp-image-893\" src=\"http:\/\/www.clg-dampierre.ac-besancon.fr\/wp-content\/uploads\/sites\/30\/2016\/11\/petites-fugues-4-300x200.jpg\" alt=\"petites-fugues-4\" width=\"300\" height=\"200\" srcset=\"http:\/\/www.clg-dampierre.ac-besancon.fr\/wp-content\/uploads\/sites\/30\/2016\/11\/petites-fugues-4-300x200.jpg 300w, http:\/\/www.clg-dampierre.ac-besancon.fr\/wp-content\/uploads\/sites\/30\/2016\/11\/petites-fugues-4.jpg 448w\" sizes=\"auto, (max-width: 300px) 100vw, 300px\" \/><img loading=\"lazy\" decoding=\"async\" class=\"alignnone size-medium wp-image-892\" src=\"http:\/\/www.clg-dampierre.ac-besancon.fr\/wp-content\/uploads\/sites\/30\/2016\/11\/petites-fugues-3-300x204.jpg\" alt=\"petites-fugues-3\" width=\"300\" height=\"204\" srcset=\"http:\/\/www.clg-dampierre.ac-besancon.fr\/wp-content\/uploads\/sites\/30\/2016\/11\/petites-fugues-3-300x204.jpg 300w, http:\/\/www.clg-dampierre.ac-besancon.fr\/wp-content\/uploads\/sites\/30\/2016\/11\/petites-fugues-3.jpg 640w\" sizes=\"auto, (max-width: 300px) 100vw, 300px\" \/><img loading=\"lazy\" decoding=\"async\" class=\"alignnone size-medium wp-image-891\" src=\"http:\/\/www.clg-dampierre.ac-besancon.fr\/wp-content\/uploads\/sites\/30\/2016\/11\/petites-fugues-2-300x195.jpg\" alt=\"petites-fugues-2\" width=\"300\" height=\"195\" srcset=\"http:\/\/www.clg-dampierre.ac-besancon.fr\/wp-content\/uploads\/sites\/30\/2016\/11\/petites-fugues-2-300x195.jpg 300w, http:\/\/www.clg-dampierre.ac-besancon.fr\/wp-content\/uploads\/sites\/30\/2016\/11\/petites-fugues-2.jpg 640w\" sizes=\"auto, (max-width: 300px) 100vw, 300px\" \/><img loading=\"lazy\" decoding=\"async\" class=\"alignnone size-medium wp-image-890\" src=\"http:\/\/www.clg-dampierre.ac-besancon.fr\/wp-content\/uploads\/sites\/30\/2016\/11\/petites-fugues-1-300x200.jpg\" alt=\"petites-fugues-1\" width=\"300\" height=\"200\" srcset=\"http:\/\/www.clg-dampierre.ac-besancon.fr\/wp-content\/uploads\/sites\/30\/2016\/11\/petites-fugues-1-300x200.jpg 300w, http:\/\/www.clg-dampierre.ac-besancon.fr\/wp-content\/uploads\/sites\/30\/2016\/11\/petites-fugues-1.jpg 640w\" sizes=\"auto, (max-width: 300px) 100vw, 300px\" \/><\/p>\n","protected":false},"excerpt":{"rendered":"<p>Les petites fugues au Mus\u00e9e de Champlitte Jeudi 17 novembre, dans le cadre des rencontres litt\u00e9raires r\u00e9gionales \u00ab\u00a0Les Petites Fugues\u00a0\u00bb, les coll\u00e9giens de Champlitte ont lu au Mus\u00e9e de Champlitte, des extraits des livres de Jo\u00ebl Egloff et d&rsquo;Arnaud Dudek en pr\u00e9sence des auteurs et devant un public conquis !<\/p><p><a class=\"more-link btn\" href=\"http:\/\/www.clg-dampierre.ac-besancon.fr\/?p=901\">Lire la suite<\/a><\/p>\n","protected":false},"author":1225,"featured_media":0,"comment_status":"closed","ping_status":"closed","sticky":false,"template":"","format":"standard","meta":{"ngg_post_thumbnail":0,"footnotes":""},"categories":[35],"tags":[],"class_list":["post-901","post","type-post","status-publish","format-standard","hentry","category-actions-du-college","item-wrap"],"views":963,"publishpress_future_action":{"enabled":false,"date":"2026-05-08 02:10:25","action":"change-status","newStatus":"draft","terms":[],"taxonomy":"category","extraData":[]},"publishpress_future_workflow_manual_trigger":{"enabledWorkflows":[]},"_links":{"self":[{"href":"http:\/\/www.clg-dampierre.ac-besancon.fr\/index.php?rest_route=\/wp\/v2\/posts\/901","targetHints":{"allow":["GET"]}}],"collection":[{"href":"http:\/\/www.clg-dampierre.ac-besancon.fr\/index.php?rest_route=\/wp\/v2\/posts"}],"about":[{"href":"http:\/\/www.clg-dampierre.ac-besancon.fr\/index.php?rest_route=\/wp\/v2\/types\/post"}],"author":[{"embeddable":true,"href":"http:\/\/www.clg-dampierre.ac-besancon.fr\/index.php?rest_route=\/wp\/v2\/users\/1225"}],"replies":[{"embeddable":true,"href":"http:\/\/www.clg-dampierre.ac-besancon.fr\/index.php?rest_route=%2Fwp%2Fv2%2Fcomments&post=901"}],"version-history":[{"count":2,"href":"http:\/\/www.clg-dampierre.ac-besancon.fr\/index.php?rest_route=\/wp\/v2\/posts\/901\/revisions"}],"predecessor-version":[{"id":903,"href":"http:\/\/www.clg-dampierre.ac-besancon.fr\/index.php?rest_route=\/wp\/v2\/posts\/901\/revisions\/903"}],"wp:attachment":[{"href":"http:\/\/www.clg-dampierre.ac-besancon.fr\/index.php?rest_route=%2Fwp%2Fv2%2Fmedia&parent=901"}],"wp:term":[{"taxonomy":"category","embeddable":true,"href":"http:\/\/www.clg-dampierre.ac-besancon.fr\/index.php?rest_route=%2Fwp%2Fv2%2Fcategories&post=901"},{"taxonomy":"post_tag","embeddable":true,"href":"http:\/\/www.clg-dampierre.ac-besancon.fr\/index.php?rest_route=%2Fwp%2Fv2%2Ftags&post=901"}],"curies":[{"name":"wp","href":"https:\/\/api.w.org\/{rel}","templated":true}]}}