{"id":912,"date":"2016-11-28T14:40:29","date_gmt":"2016-11-28T13:40:29","guid":{"rendered":"http:\/\/www.clg-dampierre.ac-besancon.fr\/?p=912"},"modified":"2016-11-28T16:35:10","modified_gmt":"2016-11-28T15:35:10","slug":"webradio","status":"publish","type":"post","link":"http:\/\/www.clg-dampierre.ac-besancon.fr\/?p=912","title":{"rendered":"Webradio"},"content":{"rendered":"<div id=\"player-bar\">\n<div class=\"width-wrap clearfix\">\n<div id=\"player\">\n<div class=\"social share\">Chanit radio, la webradio du coll\u00e8ge Leroi-Gourhan a repris ses activit\u00e9s.<\/div>\n<\/div>\n<\/div>\n<\/div>\n<p>Cette ann\u00e9e, les \u00e9l\u00e8ves du dispositif\u00a0 ULIS du coll\u00e8ge Gaston Ramon \u00e0 Dampierre-sur-Salon contribueront \u00e9galement \u00e0 une radio sur le web !<\/p>\n<p><!--more--><\/p>\n<p>Deux \u00e9missions sont donc en pr\u00e9paration dans chaque \u00e9tablissement&#8230; et peut-\u00eatre une \u00e9mission commune en fin d&rsquo;ann\u00e9e scolaire !<\/p>\n<p>&nbsp;<\/p>\n<p>Les \u00e9l\u00e8ves au travail \u00e0 Champlitte et \u00e0 Dampierre !<\/p>\n<div id=\"metaslider-id-967\" style=\"max-width: 700px;\" class=\"ml-slider-3-108-0 metaslider metaslider-nivo metaslider-967 ml-slider has-dots-nav ms-theme-default\" role=\"region\" aria-label=\"Webradio\" data-height=\"300\" data-width=\"700\">\n    <div id=\"metaslider_container_967\">\n        <div class='slider-wrapper theme-default'><div class='ribbon'><\/div><div id='metaslider_967' class='nivoSlider'><img loading=\"lazy\" decoding=\"async\" src=\"http:\/\/www.clg-dampierre.ac-besancon.fr\/wp-content\/uploads\/sites\/30\/2016\/11\/D5-1-700x300.jpg\" height=\"300\" width=\"700\" alt=\"\" class=\"slider-967 slide-968 msDefaultImage\" \/><img loading=\"lazy\" decoding=\"async\" src=\"http:\/\/www.clg-dampierre.ac-besancon.fr\/wp-content\/uploads\/sites\/30\/2016\/11\/D1-1-700x300.jpg\" height=\"300\" width=\"700\" alt=\"\" class=\"slider-967 slide-969 msDefaultImage\" \/><img loading=\"lazy\" decoding=\"async\" src=\"http:\/\/www.clg-dampierre.ac-besancon.fr\/wp-content\/uploads\/sites\/30\/2016\/11\/D2-1-700x300.jpg\" height=\"300\" width=\"700\" alt=\"\" class=\"slider-967 slide-970 msDefaultImage\" \/><img loading=\"lazy\" decoding=\"async\" src=\"http:\/\/www.clg-dampierre.ac-besancon.fr\/wp-content\/uploads\/sites\/30\/2016\/11\/D3-1-700x300.jpg\" height=\"300\" width=\"700\" alt=\"\" class=\"slider-967 slide-971 msDefaultImage\" \/><img loading=\"lazy\" decoding=\"async\" src=\"http:\/\/www.clg-dampierre.ac-besancon.fr\/wp-content\/uploads\/sites\/30\/2016\/11\/D4-1-700x300.jpg\" height=\"300\" width=\"700\" alt=\"\" class=\"slider-967 slide-972 msDefaultImage\" \/><img loading=\"lazy\" decoding=\"async\" src=\"http:\/\/www.clg-dampierre.ac-besancon.fr\/wp-content\/uploads\/sites\/30\/2016\/11\/C4-1-700x300.jpg\" height=\"300\" width=\"700\" alt=\"\" class=\"slider-967 slide-973 msDefaultImage\" \/><img loading=\"lazy\" decoding=\"async\" src=\"http:\/\/www.clg-dampierre.ac-besancon.fr\/wp-content\/uploads\/sites\/30\/2016\/11\/C1-1-700x300.jpg\" height=\"300\" width=\"700\" alt=\"\" class=\"slider-967 slide-974 msDefaultImage\" \/><img loading=\"lazy\" decoding=\"async\" src=\"http:\/\/www.clg-dampierre.ac-besancon.fr\/wp-content\/uploads\/sites\/30\/2016\/11\/C2-1-700x300.jpg\" height=\"300\" width=\"700\" alt=\"\" class=\"slider-967 slide-975 msDefaultImage\" \/><img loading=\"lazy\" decoding=\"async\" src=\"http:\/\/www.clg-dampierre.ac-besancon.fr\/wp-content\/uploads\/sites\/30\/2016\/11\/C3-1-700x300.jpg\" height=\"300\" width=\"700\" alt=\"\" class=\"slider-967 slide-976 msDefaultImage\" \/><\/div><\/div>\n        \n    <\/div>\n<\/div>\n<p>&nbsp;<\/p>\n<p><strong>Podcast des \u00e9missions de l&rsquo;ann\u00e9e pr\u00e9c\u00e9dente\u00a0 <a href=\"http:\/\/audioblog.arteradio.com\/blog\/3047160\/chanit_radio\/\">ici\u00a0<\/a><\/strong><\/p>\n<p>&nbsp;<\/p>\n<p>&nbsp;<\/p>\n","protected":false},"excerpt":{"rendered":"<p>Chanit radio, la webradio du coll\u00e8ge Leroi-Gourhan a repris ses activit\u00e9s. Cette ann\u00e9e, les \u00e9l\u00e8ves du dispositif\u00a0 ULIS du coll\u00e8ge Gaston Ramon \u00e0 Dampierre-sur-Salon contribueront \u00e9galement \u00e0 une radio sur le web !<\/p><p><a class=\"more-link btn\" href=\"http:\/\/www.clg-dampierre.ac-besancon.fr\/?p=912\">Lire la suite<\/a><\/p>\n","protected":false},"author":1193,"featured_media":0,"comment_status":"closed","ping_status":"closed","sticky":false,"template":"","format":"standard","meta":{"ngg_post_thumbnail":0,"footnotes":""},"categories":[35,16,32],"tags":[],"class_list":["post-912","post","type-post","status-publish","format-standard","hentry","category-actions-du-college","category-vie-de-lulis","category-vie-du-cdi","item-wrap"],"views":838,"publishpress_future_action":{"enabled":false,"date":"2026-05-08 04:36:52","action":"change-status","newStatus":"draft","terms":[],"taxonomy":"category","extraData":[]},"publishpress_future_workflow_manual_trigger":{"enabledWorkflows":[]},"_links":{"self":[{"href":"http:\/\/www.clg-dampierre.ac-besancon.fr\/index.php?rest_route=\/wp\/v2\/posts\/912","targetHints":{"allow":["GET"]}}],"collection":[{"href":"http:\/\/www.clg-dampierre.ac-besancon.fr\/index.php?rest_route=\/wp\/v2\/posts"}],"about":[{"href":"http:\/\/www.clg-dampierre.ac-besancon.fr\/index.php?rest_route=\/wp\/v2\/types\/post"}],"author":[{"embeddable":true,"href":"http:\/\/www.clg-dampierre.ac-besancon.fr\/index.php?rest_route=\/wp\/v2\/users\/1193"}],"replies":[{"embeddable":true,"href":"http:\/\/www.clg-dampierre.ac-besancon.fr\/index.php?rest_route=%2Fwp%2Fv2%2Fcomments&post=912"}],"version-history":[{"count":9,"href":"http:\/\/www.clg-dampierre.ac-besancon.fr\/index.php?rest_route=\/wp\/v2\/posts\/912\/revisions"}],"predecessor-version":[{"id":977,"href":"http:\/\/www.clg-dampierre.ac-besancon.fr\/index.php?rest_route=\/wp\/v2\/posts\/912\/revisions\/977"}],"wp:attachment":[{"href":"http:\/\/www.clg-dampierre.ac-besancon.fr\/index.php?rest_route=%2Fwp%2Fv2%2Fmedia&parent=912"}],"wp:term":[{"taxonomy":"category","embeddable":true,"href":"http:\/\/www.clg-dampierre.ac-besancon.fr\/index.php?rest_route=%2Fwp%2Fv2%2Fcategories&post=912"},{"taxonomy":"post_tag","embeddable":true,"href":"http:\/\/www.clg-dampierre.ac-besancon.fr\/index.php?rest_route=%2Fwp%2Fv2%2Ftags&post=912"}],"curies":[{"name":"wp","href":"https:\/\/api.w.org\/{rel}","templated":true}]}}