{"id":995,"date":"2016-12-06T21:17:57","date_gmt":"2016-12-06T20:17:57","guid":{"rendered":"http:\/\/www.clg-dampierre.ac-besancon.fr\/?p=995"},"modified":"2016-12-06T21:17:57","modified_gmt":"2016-12-06T20:17:57","slug":"les-3eme2-du-college-de-dampierre-font-leur-cinema","status":"publish","type":"post","link":"http:\/\/www.clg-dampierre.ac-besancon.fr\/?p=995","title":{"rendered":"Les 3\u00e8me2 du coll\u00e8ge de Dampierre font leur cin\u00e9ma"},"content":{"rendered":"<p><img loading=\"lazy\" decoding=\"async\" class=\"alignleft size-thumbnail wp-image-1099\" src=\"http:\/\/www.clg-dampierre.ac-besancon.fr\/wp-content\/uploads\/sites\/30\/2016\/12\/2016-12-05-13.41.45-100x100.jpg\" alt=\"2016-12-05-13-41-45\" width=\"100\" height=\"100\" srcset=\"http:\/\/www.clg-dampierre.ac-besancon.fr\/wp-content\/uploads\/sites\/30\/2016\/12\/2016-12-05-13.41.45-100x100.jpg 100w, http:\/\/www.clg-dampierre.ac-besancon.fr\/wp-content\/uploads\/sites\/30\/2016\/12\/2016-12-05-13.41.45-144x144.jpg 144w\" sizes=\"auto, (max-width: 100px) 100vw, 100px\" \/><\/p>\n<p>Dans le cadre d&rsquo;un partenariat avec le Gray Art Motel, r\u00e9sidence d&rsquo;artistes \u00e0 Gray, et la F\u00eate du Court-M\u00e9trage, qui aura lieu \u00e0 Gray du 8 au 18 D\u00e9cembre, les \u00e9l\u00e8ves de 3\u00e8me2\u00a0 du coll\u00e8ge de Dampierre auront l&rsquo;opportunit\u00e9 de tourner leur propre court-m\u00e9trage les jeudi 15 et vendredi 16 d\u00e9cembre.<\/p>\n<p><!--more--><\/p>\n<p>En effet, sous la responsabilit\u00e9 de leur professeur principal et de leur professeur de fran\u00e7ais, les \u00e9l\u00e8ves vont \u00e9laborer ces prochains jours un sc\u00e9nario de leur choix. Il va y avoir du travail car les d\u00e9lais sont courts! Mais les \u00e9l\u00e8ves sont motiv\u00e9s!<\/p>\n<p>Puis, avec l&rsquo;aide des 35 cin\u00e9astes, auteurs, r\u00e9alisateurs, monteurs pr\u00e9sents pour l&rsquo;\u00e9v\u00e9nement et venant de toute l&rsquo;Europe, ils auront l&rsquo;occasion de r\u00e9aliser leur film. Ils auront l&rsquo;occasion d&rsquo;\u00eatre aussi bien acteur, r\u00e9alisateur, preneur de son, monteur&#8230;<\/p>\n<p>A l&rsquo;issue de cette belle exp\u00e9rience, ils pourront visionner une s\u00e9rie de court-m\u00e9trages le vendredi 16 d\u00e9cembre dans l&rsquo;apr\u00e8s-midi.<\/p>\n<p>Tout ceci n&rsquo;est que la premi\u00e8re \u00e9tape d&rsquo;un projet qui les am\u00e8nera \u00e0 r\u00e9aliser de courts capsules vid\u00e9os sur les math\u00e9matiques.<\/p>\n<p>Jeudi 1er d\u00e9cembre, les \u00e9l\u00e8ves ont donc commenc\u00e9 \u00e0 \u00e9laborer les sc\u00e9narios des court-m\u00e9trages qu&rsquo;ils aimeraient tourner.<\/p>\n<p>Ils poursuivent cette semaine et peaufinent d\u00e9j\u00e0 leurs projets et les dialogues.<\/p>\n<p>Comme on peut le constater, ils sont tr\u00e8s concentr\u00e9s&#8230; Mais promis : ils seront beaucoup moins timides devant la cam\u00e9ra!!<\/p>\n<p><img loading=\"lazy\" decoding=\"async\" class=\"size-full wp-image-1100 aligncenter\" src=\"http:\/\/www.clg-dampierre.ac-besancon.fr\/wp-content\/uploads\/sites\/30\/2016\/12\/2016-12-05-13.41.52.jpg\" alt=\"2016-12-05-13-41-52\" width=\"600\" height=\"337\" srcset=\"http:\/\/www.clg-dampierre.ac-besancon.fr\/wp-content\/uploads\/sites\/30\/2016\/12\/2016-12-05-13.41.52.jpg 600w, http:\/\/www.clg-dampierre.ac-besancon.fr\/wp-content\/uploads\/sites\/30\/2016\/12\/2016-12-05-13.41.52-300x169.jpg 300w\" sizes=\"auto, (max-width: 600px) 100vw, 600px\" \/><\/p>\n<p><img loading=\"lazy\" decoding=\"async\" class=\"size-full wp-image-1098 aligncenter\" src=\"http:\/\/www.clg-dampierre.ac-besancon.fr\/wp-content\/uploads\/sites\/30\/2016\/12\/2016-12-05-13.41.36.jpg\" alt=\"2016-12-05-13-41-36\" width=\"600\" height=\"337\" srcset=\"http:\/\/www.clg-dampierre.ac-besancon.fr\/wp-content\/uploads\/sites\/30\/2016\/12\/2016-12-05-13.41.36.jpg 600w, http:\/\/www.clg-dampierre.ac-besancon.fr\/wp-content\/uploads\/sites\/30\/2016\/12\/2016-12-05-13.41.36-300x169.jpg 300w\" sizes=\"auto, (max-width: 600px) 100vw, 600px\" \/><\/p>\n<p><img loading=\"lazy\" decoding=\"async\" class=\"size-full wp-image-1099 aligncenter\" src=\"http:\/\/www.clg-dampierre.ac-besancon.fr\/wp-content\/uploads\/sites\/30\/2016\/12\/2016-12-05-13.41.45.jpg\" alt=\"2016-12-05-13-41-45\" width=\"600\" height=\"337\" srcset=\"http:\/\/www.clg-dampierre.ac-besancon.fr\/wp-content\/uploads\/sites\/30\/2016\/12\/2016-12-05-13.41.45.jpg 600w, http:\/\/www.clg-dampierre.ac-besancon.fr\/wp-content\/uploads\/sites\/30\/2016\/12\/2016-12-05-13.41.45-300x169.jpg 300w\" sizes=\"auto, (max-width: 600px) 100vw, 600px\" \/><\/p>\n","protected":false},"excerpt":{"rendered":"<p>Dans le cadre d&rsquo;un partenariat avec le Gray Art Motel, r\u00e9sidence d&rsquo;artistes \u00e0 Gray, et la F\u00eate du Court-M\u00e9trage, qui aura lieu \u00e0 Gray du 8 au 18 D\u00e9cembre, les \u00e9l\u00e8ves de 3\u00e8me2\u00a0 du coll\u00e8ge de Dampierre auront l&rsquo;opportunit\u00e9 de tourner leur propre court-m\u00e9trage les jeudi 15 et vendredi 16 d\u00e9cembre.<\/p><p><a class=\"more-link btn\" href=\"http:\/\/www.clg-dampierre.ac-besancon.fr\/?p=995\">Lire la suite<\/a><\/p>\n","protected":false},"author":1188,"featured_media":0,"comment_status":"closed","ping_status":"closed","sticky":false,"template":"","format":"standard","meta":{"ngg_post_thumbnail":0,"footnotes":""},"categories":[35,26,19],"tags":[],"class_list":["post-995","post","type-post","status-publish","format-standard","hentry","category-actions-du-college","category-francais","category-mathematiques","item-wrap"],"views":992,"publishpress_future_action":{"enabled":false,"date":"2026-05-08 04:36:52","action":"change-status","newStatus":"draft","terms":[],"taxonomy":"category","extraData":[]},"publishpress_future_workflow_manual_trigger":{"enabledWorkflows":[]},"_links":{"self":[{"href":"http:\/\/www.clg-dampierre.ac-besancon.fr\/index.php?rest_route=\/wp\/v2\/posts\/995","targetHints":{"allow":["GET"]}}],"collection":[{"href":"http:\/\/www.clg-dampierre.ac-besancon.fr\/index.php?rest_route=\/wp\/v2\/posts"}],"about":[{"href":"http:\/\/www.clg-dampierre.ac-besancon.fr\/index.php?rest_route=\/wp\/v2\/types\/post"}],"author":[{"embeddable":true,"href":"http:\/\/www.clg-dampierre.ac-besancon.fr\/index.php?rest_route=\/wp\/v2\/users\/1188"}],"replies":[{"embeddable":true,"href":"http:\/\/www.clg-dampierre.ac-besancon.fr\/index.php?rest_route=%2Fwp%2Fv2%2Fcomments&post=995"}],"version-history":[{"count":5,"href":"http:\/\/www.clg-dampierre.ac-besancon.fr\/index.php?rest_route=\/wp\/v2\/posts\/995\/revisions"}],"predecessor-version":[{"id":1102,"href":"http:\/\/www.clg-dampierre.ac-besancon.fr\/index.php?rest_route=\/wp\/v2\/posts\/995\/revisions\/1102"}],"wp:attachment":[{"href":"http:\/\/www.clg-dampierre.ac-besancon.fr\/index.php?rest_route=%2Fwp%2Fv2%2Fmedia&parent=995"}],"wp:term":[{"taxonomy":"category","embeddable":true,"href":"http:\/\/www.clg-dampierre.ac-besancon.fr\/index.php?rest_route=%2Fwp%2Fv2%2Fcategories&post=995"},{"taxonomy":"post_tag","embeddable":true,"href":"http:\/\/www.clg-dampierre.ac-besancon.fr\/index.php?rest_route=%2Fwp%2Fv2%2Ftags&post=995"}],"curies":[{"name":"wp","href":"https:\/\/api.w.org\/{rel}","templated":true}]}}